

{"id":7867,"date":"2024-12-17T12:44:06","date_gmt":"2024-12-17T11:44:06","guid":{"rendered":"https:\/\/www.domainedesamadieu.com\/?p=7867"},"modified":"2024-12-19T14:42:47","modified_gmt":"2024-12-19T13:42:47","slug":"salon-wine-paris-2025","status":"publish","type":"post","link":"https:\/\/www.domainedesamadieu.com\/index.php\/2024\/12\/17\/salon-wine-paris-2025\/","title":{"rendered":"SALON WINE PARIS 2025"},"content":{"rendered":"\t\t<div data-elementor-type=\"wp-post\" data-elementor-id=\"7867\" class=\"elementor elementor-7867\" data-elementor-post-type=\"post\">\n\t\t\t\t\t\t<section class=\"elementor-section elementor-top-section elementor-element elementor-element-2c4f1ff0 elementor-section-full_width elementor-section-stretched parallax elementor-section-height-default elementor-section-height-default\" data-id=\"2c4f1ff0\" data-element_type=\"section\" data-e-type=\"section\" id=\"down\" data-settings=\"{&quot;stretch_section&quot;:&quot;section-stretched&quot;,&quot;background_background&quot;:&quot;classic&quot;}\">\n\t\t\t\t\t\t\t<div class=\"elementor-background-overlay\"><\/div>\n\t\t\t\t\t\t\t<div class=\"elementor-container elementor-column-gap-no\">\n\t\t\t\t\t<div class=\"elementor-column elementor-col-100 elementor-top-column elementor-element elementor-element-643b259a\" data-id=\"643b259a\" data-element_type=\"column\" data-e-type=\"column\">\n\t\t\t<div class=\"elementor-widget-wrap elementor-element-populated\">\n\t\t\t\t\t\t<div class=\"elementor-element elementor-element-506c4e14 elementor-widget elementor-widget-spacer\" data-id=\"506c4e14\" data-element_type=\"widget\" data-e-type=\"widget\" data-widget_type=\"spacer.default\">\n\t\t\t\t<div class=\"elementor-widget-container\">\n\t\t\t\t\t\t\t<div class=\"elementor-spacer\">\n\t\t\t<div class=\"elementor-spacer-inner\"><\/div>\n\t\t<\/div>\n\t\t\t\t\t\t<\/div>\n\t\t\t\t<\/div>\n\t\t\t\t<section class=\"elementor-section elementor-inner-section elementor-element elementor-element-1632ea2c elementor-section-boxed elementor-section-height-default elementor-section-height-default\" data-id=\"1632ea2c\" data-element_type=\"section\" data-e-type=\"section\">\n\t\t\t\t\t\t<div class=\"elementor-container elementor-column-gap-no\">\n\t\t\t\t\t<div class=\"elementor-column elementor-col-100 elementor-inner-column elementor-element elementor-element-3a1352e8\" data-id=\"3a1352e8\" data-element_type=\"column\" data-e-type=\"column\">\n\t\t\t<div class=\"elementor-widget-wrap elementor-element-populated\">\n\t\t\t\t\t\t<div class=\"elementor-element elementor-element-285bfccb elementor-align-center elementor-invisible elementor-widget elementor-widget-post-info\" data-id=\"285bfccb\" data-element_type=\"widget\" data-e-type=\"widget\" data-settings=\"{&quot;_animation&quot;:&quot;fadeInUp&quot;,&quot;_animation_delay&quot;:200}\" data-widget_type=\"post-info.default\">\n\t\t\t\t<div class=\"elementor-widget-container\">\n\t\t\t\t\t\t\t<ul class=\"elementor-icon-list-items elementor-post-info\">\n\t\t\t\t\t\t\t\t<li class=\"elementor-icon-list-item elementor-repeater-item-f4bca59\" itemprop=\"datePublished\">\n\t\t\t\t\t\t<a href=\"https:\/\/www.domainedesamadieu.com\/index.php\/2024\/12\/17\/\">\n\t\t\t\t\t\t\t\t\t\t\t<span class=\"elementor-icon-list-icon\">\n\t\t\t\t\t\t\t\t<i aria-hidden=\"true\" class=\"fas fa-calendar\"><\/i>\t\t\t\t\t\t\t<\/span>\n\t\t\t\t\t\t\t\t\t<span class=\"elementor-icon-list-text elementor-post-info__item elementor-post-info__item--type-date\">\n\t\t\t\t\t\t\t\t\t\t<time>d\u00e9cembre 17, 2024<\/time>\t\t\t\t\t<\/span>\n\t\t\t\t\t\t\t\t\t<\/a>\n\t\t\t\t<\/li>\n\t\t\t\t<\/ul>\n\t\t\t\t\t\t<\/div>\n\t\t\t\t<\/div>\n\t\t\t\t<div class=\"elementor-element elementor-element-aea8418 animated-slow premium-lq__none elementor-invisible elementor-widget elementor-widget-premium-addon-button\" data-id=\"aea8418\" data-element_type=\"widget\" data-e-type=\"widget\" data-settings=\"{&quot;_animation&quot;:&quot;fadeIn&quot;,&quot;_animation_delay&quot;:300}\" data-widget_type=\"premium-addon-button.default\">\n\t\t\t\t<div class=\"elementor-widget-container\">\n\t\t\t\t\t\n\n\t\t<a class=\"premium-button premium-button-none premium-btn-block premium-button-none\" href=\"https:\/\/millesime-bio.mediactive-events.com\/index.php?langue_id=1\" target=\"_blank\">\n\t\t\t<div class=\"premium-button-text-icon-wrapper\">\n\t\t\t\t\n\t\t\t\t\t\t\t\t\t<span >\n\t\t\t\t\t\tSALON WINE PARIS 2025\t\t\t\t\t<\/span>\n\t\t\t\t\t\t\t<\/div>\n\n\t\t\t\n\t\t\t\n\t\t\t\n\t\t<\/a>\n\n\n\t\t\t\t\t\t<\/div>\n\t\t\t\t<\/div>\n\t\t\t\t<div class=\"elementor-element elementor-element-60d7b23b elementor-widget elementor-widget-spacer\" data-id=\"60d7b23b\" data-element_type=\"widget\" data-e-type=\"widget\" data-widget_type=\"spacer.default\">\n\t\t\t\t<div class=\"elementor-widget-container\">\n\t\t\t\t\t\t\t<div class=\"elementor-spacer\">\n\t\t\t<div class=\"elementor-spacer-inner\"><\/div>\n\t\t<\/div>\n\t\t\t\t\t\t<\/div>\n\t\t\t\t<\/div>\n\t\t\t\t\t<\/div>\n\t\t<\/div>\n\t\t\t\t\t<\/div>\n\t\t<\/section>\n\t\t\t\t<section class=\"elementor-section elementor-inner-section elementor-element elementor-element-6c165a26 elementor-section-boxed elementor-section-height-default elementor-section-height-default\" data-id=\"6c165a26\" data-element_type=\"section\" data-e-type=\"section\">\n\t\t\t\t\t\t<div class=\"elementor-container elementor-column-gap-default\">\n\t\t\t\t\t<div class=\"elementor-column elementor-col-33 elementor-inner-column elementor-element elementor-element-6488f570\" data-id=\"6488f570\" data-element_type=\"column\" data-e-type=\"column\">\n\t\t\t<div class=\"elementor-widget-wrap elementor-element-populated\">\n\t\t\t\t\t\t<div class=\"elementor-element elementor-element-6343c76 elementor-widget__width-initial elementor-widget elementor-widget-image\" data-id=\"6343c76\" data-element_type=\"widget\" data-e-type=\"widget\" data-widget_type=\"image.default\">\n\t\t\t\t<div class=\"elementor-widget-container\">\n\t\t\t\t\t\t\t\t\t\t\t\t\t\t\t\t<a href=\"https:\/\/millesme-bio.mediactive-events.com\/index.php?langue_id=1\" target=\"_blank\">\n\t\t\t\t\t\t\t<img fetchpriority=\"high\" decoding=\"async\" width=\"310\" height=\"163\" src=\"https:\/\/www.domainedesamadieu.com\/wp-content\/uploads\/2024\/12\/logo-generique.jpg\" class=\"attachment-large size-large wp-image-7869\" alt=\"\" srcset=\"https:\/\/www.domainedesamadieu.com\/wp-content\/uploads\/2024\/12\/logo-generique.jpg 310w, https:\/\/www.domainedesamadieu.com\/wp-content\/uploads\/2024\/12\/logo-generique-300x158.jpg 300w\" sizes=\"(max-width: 310px) 100vw, 310px\" \/>\t\t\t\t\t\t\t\t<\/a>\n\t\t\t\t\t\t\t\t\t\t\t\t\t\t\t<\/div>\n\t\t\t\t<\/div>\n\t\t\t\t\t<\/div>\n\t\t<\/div>\n\t\t\t\t<div class=\"elementor-column elementor-col-66 elementor-inner-column elementor-element elementor-element-272512ec\" data-id=\"272512ec\" data-element_type=\"column\" data-e-type=\"column\">\n\t\t\t<div class=\"elementor-widget-wrap elementor-element-populated\">\n\t\t\t\t\t\t<div class=\"elementor-element elementor-element-2588c1d0 elementor-invisible elementor-widget elementor-widget-text-editor\" data-id=\"2588c1d0\" data-element_type=\"widget\" data-e-type=\"widget\" data-settings=\"{&quot;_animation&quot;:&quot;fadeInRight&quot;}\" data-widget_type=\"text-editor.default\">\n\t\t\t\t<div class=\"elementor-widget-container\">\n\t\t\t\t\t\t\t\t\t<div class=\"PORTES OUVERTES BIODYNAMIE AU CHATEAU FONTVERT wpb_column vc_column_container vc_col-sm-6\"><div class=\"vc_column-inner\"><div class=\"wpb_wrapper\"><div class=\"wpb_text_column wpb_content_element \"><div class=\"wpb_wrapper\"><div class=\"gmail_default_sandBox \">Le Domaine des Amadieu sera pr\u00e9sent au salon Wine Paris les 11 et 12 F\u00e9vrier 2025\u00a0 Hall 7.2 Stand B117.<\/div><div class=\"gmail_default_sandBox \">Nous serons ravis de vous faire d\u00e9guster nos nouveaux mill\u00e9simes de CAIRANNE et de RASTEAU. Nous vous ferons \u00e9galement d\u00e9couvrir les petites nouveaut\u00e9s du domaine : le vin orange et le blanc de gris.<\/div><div>\u00a0<\/div><div>Corine et Yves Jean HOUSER<\/div><\/div><\/div><\/div><\/div><\/div>\t\t\t\t\t\t\t\t<\/div>\n\t\t\t\t<\/div>\n\t\t\t\t\t<\/div>\n\t\t<\/div>\n\t\t\t\t\t<\/div>\n\t\t<\/section>\n\t\t\t\t<div class=\"elementor-element elementor-element-42014d3c elementor-widget elementor-widget-spacer\" data-id=\"42014d3c\" data-element_type=\"widget\" data-e-type=\"widget\" data-widget_type=\"spacer.default\">\n\t\t\t\t<div class=\"elementor-widget-container\">\n\t\t\t\t\t\t\t<div class=\"elementor-spacer\">\n\t\t\t<div class=\"elementor-spacer-inner\"><\/div>\n\t\t<\/div>\n\t\t\t\t\t\t<\/div>\n\t\t\t\t<\/div>\n\t\t\t\t<div class=\"elementor-element elementor-element-133cf9ad elementor-widget-divider--view-line_icon elementor-view-framed scroll_offset_down elementor-widget-divider--element-align-center elementor-invisible elementor-widget elementor-widget-divider\" data-id=\"133cf9ad\" data-element_type=\"widget\" data-e-type=\"widget\" data-settings=\"{&quot;_animation&quot;:&quot;fadeIn&quot;}\" data-widget_type=\"divider.default\">\n\t\t\t\t<div class=\"elementor-widget-container\">\n\t\t\t\t\t\t\t<div class=\"elementor-divider\">\n\t\t\t<span class=\"elementor-divider-separator\">\n\t\t\t\t\t\t\t<div class=\"elementor-icon elementor-divider__element\">\n\t\t\t\t\t<i aria-hidden=\"true\" class=\"fas fa-chevron-down\"><\/i><\/div>\n\t\t\t\t\t\t<\/span>\n\t\t<\/div>\n\t\t\t\t\t\t<\/div>\n\t\t\t\t<\/div>\n\t\t\t\t<div class=\"elementor-element elementor-element-2089dc08 elementor-widget elementor-widget-spacer\" data-id=\"2089dc08\" data-element_type=\"widget\" data-e-type=\"widget\" data-widget_type=\"spacer.default\">\n\t\t\t\t<div class=\"elementor-widget-container\">\n\t\t\t\t\t\t\t<div class=\"elementor-spacer\">\n\t\t\t<div class=\"elementor-spacer-inner\"><\/div>\n\t\t<\/div>\n\t\t\t\t\t\t<\/div>\n\t\t\t\t<\/div>\n\t\t\t\t\t<\/div>\n\t\t<\/div>\n\t\t\t\t\t<\/div>\n\t\t<\/section>\n\t\t\t\t<\/div>\n\t\t","protected":false},"excerpt":{"rendered":"<p>SALON WINE PARIS 2025 Le Domaine des Amadieu sera pr\u00e9sent au salon Wine Paris les 11 et 12 F\u00e9vrier 2025\u00a0 Hall 7.2 Stand B117.Nous serons ravis de vous faire d\u00e9guster nos nouveaux mill\u00e9simes de CAIRANNE et de RASTEAU. Nous vous ferons \u00e9galement d\u00e9couvrir les petites nouveaut\u00e9s du domaine : le vin orange et le blanc [&hellip;]<\/p>\n","protected":false},"author":4,"featured_media":0,"comment_status":"closed","ping_status":"closed","sticky":false,"template":"","format":"standard","meta":{"inline_featured_image":false,"footnotes":""},"categories":[63],"tags":[],"class_list":["post-7867","post","type-post","status-publish","format-standard","hentry","category-salons"],"yoast_head":"<!-- This site is optimized with the Yoast SEO plugin v27.5 - https:\/\/yoast.com\/product\/yoast-seo-wordpress\/ -->\n<title>SALON WINE PARIS 2025 | Domaine des Amadieu<\/title>\n<meta name=\"robots\" content=\"noindex, follow\" \/>\n<meta property=\"og:locale\" content=\"fr_FR\" \/>\n<meta property=\"og:type\" content=\"article\" \/>\n<meta property=\"og:title\" content=\"SALON WINE PARIS 2025 | Domaine des Amadieu\" \/>\n<meta property=\"og:description\" content=\"SALON WINE PARIS 2025 Le Domaine des Amadieu sera pr\u00e9sent au salon Wine Paris les 11 et 12 F\u00e9vrier 2025\u00a0 Hall 7.2 Stand B117.Nous serons ravis de vous faire d\u00e9guster nos nouveaux mill\u00e9simes de CAIRANNE et de RASTEAU. Nous vous ferons \u00e9galement d\u00e9couvrir les petites nouveaut\u00e9s du domaine : le vin orange et le blanc [&hellip;]\" \/>\n<meta property=\"og:url\" content=\"https:\/\/www.domainedesamadieu.com\/index.php\/2024\/12\/17\/salon-wine-paris-2025\/\" \/>\n<meta property=\"og:site_name\" content=\"Domaine des Amadieu\" \/>\n<meta property=\"article:publisher\" content=\"https:\/\/www.facebook.com\/domainedesamadieu\/\" \/>\n<meta property=\"article:published_time\" content=\"2024-12-17T11:44:06+00:00\" \/>\n<meta property=\"article:modified_time\" content=\"2024-12-19T13:42:47+00:00\" \/>\n<meta property=\"og:image\" content=\"https:\/\/www.domainedesamadieu.com\/wp-content\/uploads\/2024\/12\/logo-generique.jpg\" \/>\n\t<meta property=\"og:image:width\" content=\"310\" \/>\n\t<meta property=\"og:image:height\" content=\"163\" \/>\n\t<meta property=\"og:image:type\" content=\"image\/jpeg\" \/>\n<meta name=\"author\" content=\"admin\" \/>\n<meta name=\"twitter:card\" content=\"summary_large_image\" \/>\n<meta name=\"twitter:label1\" content=\"\u00c9crit par\" \/>\n\t<meta name=\"twitter:data1\" content=\"admin\" \/>\n\t<meta name=\"twitter:label2\" content=\"Dur\u00e9e de lecture estim\u00e9e\" \/>\n\t<meta name=\"twitter:data2\" content=\"1 minute\" \/>\n<script type=\"application\/ld+json\" class=\"yoast-schema-graph\">{\"@context\":\"https:\\\/\\\/schema.org\",\"@graph\":[{\"@type\":\"Article\",\"@id\":\"https:\\\/\\\/www.domainedesamadieu.com\\\/index.php\\\/2024\\\/12\\\/17\\\/salon-wine-paris-2025\\\/#article\",\"isPartOf\":{\"@id\":\"https:\\\/\\\/www.domainedesamadieu.com\\\/index.php\\\/2024\\\/12\\\/17\\\/salon-wine-paris-2025\\\/\"},\"author\":{\"name\":\"admin\",\"@id\":\"https:\\\/\\\/www.domainedesamadieu.com\\\/#\\\/schema\\\/person\\\/f77b44264ef91439553f598b6348d69a\"},\"headline\":\"SALON WINE PARIS 2025\",\"datePublished\":\"2024-12-17T11:44:06+00:00\",\"dateModified\":\"2024-12-19T13:42:47+00:00\",\"mainEntityOfPage\":{\"@id\":\"https:\\\/\\\/www.domainedesamadieu.com\\\/index.php\\\/2024\\\/12\\\/17\\\/salon-wine-paris-2025\\\/\"},\"wordCount\":66,\"publisher\":{\"@id\":\"https:\\\/\\\/www.domainedesamadieu.com\\\/#organization\"},\"image\":{\"@id\":\"https:\\\/\\\/www.domainedesamadieu.com\\\/index.php\\\/2024\\\/12\\\/17\\\/salon-wine-paris-2025\\\/#primaryimage\"},\"thumbnailUrl\":\"https:\\\/\\\/www.domainedesamadieu.com\\\/wp-content\\\/uploads\\\/2024\\\/12\\\/logo-generique.jpg\",\"articleSection\":[\"Salons\"],\"inLanguage\":\"fr-FR\"},{\"@type\":\"WebPage\",\"@id\":\"https:\\\/\\\/www.domainedesamadieu.com\\\/index.php\\\/2024\\\/12\\\/17\\\/salon-wine-paris-2025\\\/\",\"url\":\"https:\\\/\\\/www.domainedesamadieu.com\\\/index.php\\\/2024\\\/12\\\/17\\\/salon-wine-paris-2025\\\/\",\"name\":\"SALON WINE PARIS 2025 | Domaine des Amadieu\",\"isPartOf\":{\"@id\":\"https:\\\/\\\/www.domainedesamadieu.com\\\/#website\"},\"primaryImageOfPage\":{\"@id\":\"https:\\\/\\\/www.domainedesamadieu.com\\\/index.php\\\/2024\\\/12\\\/17\\\/salon-wine-paris-2025\\\/#primaryimage\"},\"image\":{\"@id\":\"https:\\\/\\\/www.domainedesamadieu.com\\\/index.php\\\/2024\\\/12\\\/17\\\/salon-wine-paris-2025\\\/#primaryimage\"},\"thumbnailUrl\":\"https:\\\/\\\/www.domainedesamadieu.com\\\/wp-content\\\/uploads\\\/2024\\\/12\\\/logo-generique.jpg\",\"datePublished\":\"2024-12-17T11:44:06+00:00\",\"dateModified\":\"2024-12-19T13:42:47+00:00\",\"breadcrumb\":{\"@id\":\"https:\\\/\\\/www.domainedesamadieu.com\\\/index.php\\\/2024\\\/12\\\/17\\\/salon-wine-paris-2025\\\/#breadcrumb\"},\"inLanguage\":\"fr-FR\",\"potentialAction\":[{\"@type\":\"ReadAction\",\"target\":[\"https:\\\/\\\/www.domainedesamadieu.com\\\/index.php\\\/2024\\\/12\\\/17\\\/salon-wine-paris-2025\\\/\"]}]},{\"@type\":\"ImageObject\",\"inLanguage\":\"fr-FR\",\"@id\":\"https:\\\/\\\/www.domainedesamadieu.com\\\/index.php\\\/2024\\\/12\\\/17\\\/salon-wine-paris-2025\\\/#primaryimage\",\"url\":\"https:\\\/\\\/www.domainedesamadieu.com\\\/wp-content\\\/uploads\\\/2024\\\/12\\\/logo-generique.jpg\",\"contentUrl\":\"https:\\\/\\\/www.domainedesamadieu.com\\\/wp-content\\\/uploads\\\/2024\\\/12\\\/logo-generique.jpg\",\"width\":310,\"height\":163},{\"@type\":\"BreadcrumbList\",\"@id\":\"https:\\\/\\\/www.domainedesamadieu.com\\\/index.php\\\/2024\\\/12\\\/17\\\/salon-wine-paris-2025\\\/#breadcrumb\",\"itemListElement\":[{\"@type\":\"ListItem\",\"position\":1,\"name\":\"Accueil\",\"item\":\"https:\\\/\\\/www.domainedesamadieu.com\\\/\"},{\"@type\":\"ListItem\",\"position\":2,\"name\":\"SALON WINE PARIS 2025\"}]},{\"@type\":\"WebSite\",\"@id\":\"https:\\\/\\\/www.domainedesamadieu.com\\\/#website\",\"url\":\"https:\\\/\\\/www.domainedesamadieu.com\\\/\",\"name\":\"Domaine des Amadieu\",\"description\":\"Vins de Cairanne et Rasteau en Biodynamie\",\"publisher\":{\"@id\":\"https:\\\/\\\/www.domainedesamadieu.com\\\/#organization\"},\"potentialAction\":[{\"@type\":\"SearchAction\",\"target\":{\"@type\":\"EntryPoint\",\"urlTemplate\":\"https:\\\/\\\/www.domainedesamadieu.com\\\/?s={search_term_string}\"},\"query-input\":{\"@type\":\"PropertyValueSpecification\",\"valueRequired\":true,\"valueName\":\"search_term_string\"}}],\"inLanguage\":\"fr-FR\"},{\"@type\":\"Organization\",\"@id\":\"https:\\\/\\\/www.domainedesamadieu.com\\\/#organization\",\"name\":\"Domaine des Amadieu\",\"url\":\"https:\\\/\\\/www.domainedesamadieu.com\\\/\",\"logo\":{\"@type\":\"ImageObject\",\"inLanguage\":\"fr-FR\",\"@id\":\"https:\\\/\\\/www.domainedesamadieu.com\\\/#\\\/schema\\\/logo\\\/image\\\/\",\"url\":\"https:\\\/\\\/www.domainedesamadieu.com\\\/wp-content\\\/uploads\\\/2019\\\/04\\\/logo-AMADIEU-2018.jpg\",\"contentUrl\":\"https:\\\/\\\/www.domainedesamadieu.com\\\/wp-content\\\/uploads\\\/2019\\\/04\\\/logo-AMADIEU-2018.jpg\",\"width\":449,\"height\":272,\"caption\":\"Domaine des Amadieu\"},\"image\":{\"@id\":\"https:\\\/\\\/www.domainedesamadieu.com\\\/#\\\/schema\\\/logo\\\/image\\\/\"},\"sameAs\":[\"https:\\\/\\\/www.facebook.com\\\/domainedesamadieu\\\/\"]},{\"@type\":\"Person\",\"@id\":\"https:\\\/\\\/www.domainedesamadieu.com\\\/#\\\/schema\\\/person\\\/f77b44264ef91439553f598b6348d69a\",\"name\":\"admin\",\"description\":\"admin\",\"url\":\"https:\\\/\\\/www.domainedesamadieu.com\\\/index.php\\\/author\\\/admin\\\/\"}]}<\/script>\n<!-- \/ Yoast SEO plugin. -->","yoast_head_json":{"title":"SALON WINE PARIS 2025 | Domaine des Amadieu","robots":{"index":"noindex","follow":"follow"},"og_locale":"fr_FR","og_type":"article","og_title":"SALON WINE PARIS 2025 | Domaine des Amadieu","og_description":"SALON WINE PARIS 2025 Le Domaine des Amadieu sera pr\u00e9sent au salon Wine Paris les 11 et 12 F\u00e9vrier 2025\u00a0 Hall 7.2 Stand B117.Nous serons ravis de vous faire d\u00e9guster nos nouveaux mill\u00e9simes de CAIRANNE et de RASTEAU. Nous vous ferons \u00e9galement d\u00e9couvrir les petites nouveaut\u00e9s du domaine : le vin orange et le blanc [&hellip;]","og_url":"https:\/\/www.domainedesamadieu.com\/index.php\/2024\/12\/17\/salon-wine-paris-2025\/","og_site_name":"Domaine des Amadieu","article_publisher":"https:\/\/www.facebook.com\/domainedesamadieu\/","article_published_time":"2024-12-17T11:44:06+00:00","article_modified_time":"2024-12-19T13:42:47+00:00","og_image":[{"width":310,"height":163,"url":"https:\/\/www.domainedesamadieu.com\/wp-content\/uploads\/2024\/12\/logo-generique.jpg","type":"image\/jpeg"}],"author":"admin","twitter_card":"summary_large_image","twitter_misc":{"\u00c9crit par":"admin","Dur\u00e9e de lecture estim\u00e9e":"1 minute"},"schema":{"@context":"https:\/\/schema.org","@graph":[{"@type":"Article","@id":"https:\/\/www.domainedesamadieu.com\/index.php\/2024\/12\/17\/salon-wine-paris-2025\/#article","isPartOf":{"@id":"https:\/\/www.domainedesamadieu.com\/index.php\/2024\/12\/17\/salon-wine-paris-2025\/"},"author":{"name":"admin","@id":"https:\/\/www.domainedesamadieu.com\/#\/schema\/person\/f77b44264ef91439553f598b6348d69a"},"headline":"SALON WINE PARIS 2025","datePublished":"2024-12-17T11:44:06+00:00","dateModified":"2024-12-19T13:42:47+00:00","mainEntityOfPage":{"@id":"https:\/\/www.domainedesamadieu.com\/index.php\/2024\/12\/17\/salon-wine-paris-2025\/"},"wordCount":66,"publisher":{"@id":"https:\/\/www.domainedesamadieu.com\/#organization"},"image":{"@id":"https:\/\/www.domainedesamadieu.com\/index.php\/2024\/12\/17\/salon-wine-paris-2025\/#primaryimage"},"thumbnailUrl":"https:\/\/www.domainedesamadieu.com\/wp-content\/uploads\/2024\/12\/logo-generique.jpg","articleSection":["Salons"],"inLanguage":"fr-FR"},{"@type":"WebPage","@id":"https:\/\/www.domainedesamadieu.com\/index.php\/2024\/12\/17\/salon-wine-paris-2025\/","url":"https:\/\/www.domainedesamadieu.com\/index.php\/2024\/12\/17\/salon-wine-paris-2025\/","name":"SALON WINE PARIS 2025 | Domaine des Amadieu","isPartOf":{"@id":"https:\/\/www.domainedesamadieu.com\/#website"},"primaryImageOfPage":{"@id":"https:\/\/www.domainedesamadieu.com\/index.php\/2024\/12\/17\/salon-wine-paris-2025\/#primaryimage"},"image":{"@id":"https:\/\/www.domainedesamadieu.com\/index.php\/2024\/12\/17\/salon-wine-paris-2025\/#primaryimage"},"thumbnailUrl":"https:\/\/www.domainedesamadieu.com\/wp-content\/uploads\/2024\/12\/logo-generique.jpg","datePublished":"2024-12-17T11:44:06+00:00","dateModified":"2024-12-19T13:42:47+00:00","breadcrumb":{"@id":"https:\/\/www.domainedesamadieu.com\/index.php\/2024\/12\/17\/salon-wine-paris-2025\/#breadcrumb"},"inLanguage":"fr-FR","potentialAction":[{"@type":"ReadAction","target":["https:\/\/www.domainedesamadieu.com\/index.php\/2024\/12\/17\/salon-wine-paris-2025\/"]}]},{"@type":"ImageObject","inLanguage":"fr-FR","@id":"https:\/\/www.domainedesamadieu.com\/index.php\/2024\/12\/17\/salon-wine-paris-2025\/#primaryimage","url":"https:\/\/www.domainedesamadieu.com\/wp-content\/uploads\/2024\/12\/logo-generique.jpg","contentUrl":"https:\/\/www.domainedesamadieu.com\/wp-content\/uploads\/2024\/12\/logo-generique.jpg","width":310,"height":163},{"@type":"BreadcrumbList","@id":"https:\/\/www.domainedesamadieu.com\/index.php\/2024\/12\/17\/salon-wine-paris-2025\/#breadcrumb","itemListElement":[{"@type":"ListItem","position":1,"name":"Accueil","item":"https:\/\/www.domainedesamadieu.com\/"},{"@type":"ListItem","position":2,"name":"SALON WINE PARIS 2025"}]},{"@type":"WebSite","@id":"https:\/\/www.domainedesamadieu.com\/#website","url":"https:\/\/www.domainedesamadieu.com\/","name":"Domaine des Amadieu","description":"Vins de Cairanne et Rasteau en Biodynamie","publisher":{"@id":"https:\/\/www.domainedesamadieu.com\/#organization"},"potentialAction":[{"@type":"SearchAction","target":{"@type":"EntryPoint","urlTemplate":"https:\/\/www.domainedesamadieu.com\/?s={search_term_string}"},"query-input":{"@type":"PropertyValueSpecification","valueRequired":true,"valueName":"search_term_string"}}],"inLanguage":"fr-FR"},{"@type":"Organization","@id":"https:\/\/www.domainedesamadieu.com\/#organization","name":"Domaine des Amadieu","url":"https:\/\/www.domainedesamadieu.com\/","logo":{"@type":"ImageObject","inLanguage":"fr-FR","@id":"https:\/\/www.domainedesamadieu.com\/#\/schema\/logo\/image\/","url":"https:\/\/www.domainedesamadieu.com\/wp-content\/uploads\/2019\/04\/logo-AMADIEU-2018.jpg","contentUrl":"https:\/\/www.domainedesamadieu.com\/wp-content\/uploads\/2019\/04\/logo-AMADIEU-2018.jpg","width":449,"height":272,"caption":"Domaine des Amadieu"},"image":{"@id":"https:\/\/www.domainedesamadieu.com\/#\/schema\/logo\/image\/"},"sameAs":["https:\/\/www.facebook.com\/domainedesamadieu\/"]},{"@type":"Person","@id":"https:\/\/www.domainedesamadieu.com\/#\/schema\/person\/f77b44264ef91439553f598b6348d69a","name":"admin","description":"admin","url":"https:\/\/www.domainedesamadieu.com\/index.php\/author\/admin\/"}]}},"_links":{"self":[{"href":"https:\/\/www.domainedesamadieu.com\/index.php\/wp-json\/wp\/v2\/posts\/7867","targetHints":{"allow":["GET"]}}],"collection":[{"href":"https:\/\/www.domainedesamadieu.com\/index.php\/wp-json\/wp\/v2\/posts"}],"about":[{"href":"https:\/\/www.domainedesamadieu.com\/index.php\/wp-json\/wp\/v2\/types\/post"}],"author":[{"embeddable":true,"href":"https:\/\/www.domainedesamadieu.com\/index.php\/wp-json\/wp\/v2\/users\/4"}],"replies":[{"embeddable":true,"href":"https:\/\/www.domainedesamadieu.com\/index.php\/wp-json\/wp\/v2\/comments?post=7867"}],"version-history":[{"count":10,"href":"https:\/\/www.domainedesamadieu.com\/index.php\/wp-json\/wp\/v2\/posts\/7867\/revisions"}],"predecessor-version":[{"id":7899,"href":"https:\/\/www.domainedesamadieu.com\/index.php\/wp-json\/wp\/v2\/posts\/7867\/revisions\/7899"}],"wp:attachment":[{"href":"https:\/\/www.domainedesamadieu.com\/index.php\/wp-json\/wp\/v2\/media?parent=7867"}],"wp:term":[{"taxonomy":"category","embeddable":true,"href":"https:\/\/www.domainedesamadieu.com\/index.php\/wp-json\/wp\/v2\/categories?post=7867"},{"taxonomy":"post_tag","embeddable":true,"href":"https:\/\/www.domainedesamadieu.com\/index.php\/wp-json\/wp\/v2\/tags?post=7867"}],"curies":[{"name":"wp","href":"https:\/\/api.w.org\/{rel}","templated":true}]}}