

{"id":7122,"date":"2021-11-16T12:38:16","date_gmt":"2021-11-16T11:38:16","guid":{"rendered":"https:\/\/www.domainedesamadieu.com\/index.php\/2021\/11\/16\/cuvee-haut-de-beauregard-rouge-2019-une-belle-degustation-par-vert-de-vin-2\/"},"modified":"2021-11-16T12:49:57","modified_gmt":"2021-11-16T11:49:57","slug":"cuvee-haut-de-beauregard-rouge-2019-une-belle-degustation-par-vert-de-vin-2","status":"publish","type":"post","link":"https:\/\/www.domainedesamadieu.com\/index.php\/2021\/11\/16\/cuvee-haut-de-beauregard-rouge-2019-une-belle-degustation-par-vert-de-vin-2\/","title":{"rendered":"Cuv\u00e9e Haut de Beauregard Blanc 2019 : un vin frais et fruit\u00e9 bien not\u00e9."},"content":{"rendered":"\t\t<div data-elementor-type=\"wp-post\" data-elementor-id=\"7122\" class=\"elementor elementor-7122\" data-elementor-post-type=\"post\">\n\t\t\t\t\t\t<section class=\"elementor-section elementor-top-section elementor-element elementor-element-95aa9c0 elementor-section-full_width elementor-section-stretched parallax elementor-section-height-default elementor-section-height-default\" data-id=\"95aa9c0\" data-element_type=\"section\" data-e-type=\"section\" id=\"down\" data-settings=\"{&quot;stretch_section&quot;:&quot;section-stretched&quot;,&quot;background_background&quot;:&quot;classic&quot;}\">\n\t\t\t\t\t\t\t<div class=\"elementor-background-overlay\"><\/div>\n\t\t\t\t\t\t\t<div class=\"elementor-container elementor-column-gap-no\">\n\t\t\t\t\t<div class=\"elementor-column elementor-col-100 elementor-top-column elementor-element elementor-element-35802b4\" data-id=\"35802b4\" data-element_type=\"column\" data-e-type=\"column\">\n\t\t\t<div class=\"elementor-widget-wrap elementor-element-populated\">\n\t\t\t\t\t\t<div class=\"elementor-element elementor-element-a1d70ae elementor-widget elementor-widget-spacer\" data-id=\"a1d70ae\" data-element_type=\"widget\" data-e-type=\"widget\" data-widget_type=\"spacer.default\">\n\t\t\t\t<div class=\"elementor-widget-container\">\n\t\t\t\t\t\t\t<div class=\"elementor-spacer\">\n\t\t\t<div class=\"elementor-spacer-inner\"><\/div>\n\t\t<\/div>\n\t\t\t\t\t\t<\/div>\n\t\t\t\t<\/div>\n\t\t\t\t<section class=\"elementor-section elementor-inner-section elementor-element elementor-element-07ae0b9 elementor-section-boxed elementor-section-height-default elementor-section-height-default\" data-id=\"07ae0b9\" data-element_type=\"section\" data-e-type=\"section\">\n\t\t\t\t\t\t<div class=\"elementor-container elementor-column-gap-no\">\n\t\t\t\t\t<div class=\"elementor-column elementor-col-100 elementor-inner-column elementor-element elementor-element-f57564f\" data-id=\"f57564f\" data-element_type=\"column\" data-e-type=\"column\">\n\t\t\t<div class=\"elementor-widget-wrap elementor-element-populated\">\n\t\t\t\t\t\t<div class=\"elementor-element elementor-element-3ab8ada elementor-invisible elementor-widget elementor-widget-theme-post-title elementor-page-title elementor-widget-heading\" data-id=\"3ab8ada\" data-element_type=\"widget\" data-e-type=\"widget\" data-settings=\"{&quot;_animation&quot;:&quot;fadeInUp&quot;}\" data-widget_type=\"theme-post-title.default\">\n\t\t\t\t<div class=\"elementor-widget-container\">\n\t\t\t\t\t<h1 class=\"elementor-heading-title elementor-size-default\">Cuv\u00e9e Haut de Beauregard Blanc 2019 : un vin frais et fruit\u00e9 bien not\u00e9.<\/h1>\t\t\t\t<\/div>\n\t\t\t\t<\/div>\n\t\t\t\t<div class=\"elementor-element elementor-element-b827510 elementor-align-center elementor-invisible elementor-widget elementor-widget-post-info\" data-id=\"b827510\" data-element_type=\"widget\" data-e-type=\"widget\" data-settings=\"{&quot;_animation&quot;:&quot;fadeInUp&quot;,&quot;_animation_delay&quot;:200}\" data-widget_type=\"post-info.default\">\n\t\t\t\t<div class=\"elementor-widget-container\">\n\t\t\t\t\t\t\t<ul class=\"elementor-icon-list-items elementor-post-info\">\n\t\t\t\t\t\t\t\t<li class=\"elementor-icon-list-item elementor-repeater-item-f4bca59\" itemprop=\"datePublished\">\n\t\t\t\t\t\t<a href=\"https:\/\/www.domainedesamadieu.com\/index.php\/2021\/11\/16\/\">\n\t\t\t\t\t\t\t\t\t\t\t<span class=\"elementor-icon-list-icon\">\n\t\t\t\t\t\t\t\t<i aria-hidden=\"true\" class=\"fas fa-calendar\"><\/i>\t\t\t\t\t\t\t<\/span>\n\t\t\t\t\t\t\t\t\t<span class=\"elementor-icon-list-text elementor-post-info__item elementor-post-info__item--type-date\">\n\t\t\t\t\t\t\t\t\t\t<time>novembre 16, 2021<\/time>\t\t\t\t\t<\/span>\n\t\t\t\t\t\t\t\t\t<\/a>\n\t\t\t\t<\/li>\n\t\t\t\t<\/ul>\n\t\t\t\t\t\t<\/div>\n\t\t\t\t<\/div>\n\t\t\t\t<div class=\"elementor-element elementor-element-0f6bf3d elementor-widget elementor-widget-spacer\" data-id=\"0f6bf3d\" data-element_type=\"widget\" data-e-type=\"widget\" data-widget_type=\"spacer.default\">\n\t\t\t\t<div class=\"elementor-widget-container\">\n\t\t\t\t\t\t\t<div class=\"elementor-spacer\">\n\t\t\t<div class=\"elementor-spacer-inner\"><\/div>\n\t\t<\/div>\n\t\t\t\t\t\t<\/div>\n\t\t\t\t<\/div>\n\t\t\t\t\t<\/div>\n\t\t<\/div>\n\t\t\t\t\t<\/div>\n\t\t<\/section>\n\t\t\t\t<section class=\"elementor-section elementor-inner-section elementor-element elementor-element-f5db205 elementor-section-boxed elementor-section-height-default elementor-section-height-default\" data-id=\"f5db205\" data-element_type=\"section\" data-e-type=\"section\">\n\t\t\t\t\t\t<div class=\"elementor-container elementor-column-gap-default\">\n\t\t\t\t\t<div class=\"elementor-column elementor-col-33 elementor-inner-column elementor-element elementor-element-d53ff9c\" data-id=\"d53ff9c\" data-element_type=\"column\" data-e-type=\"column\">\n\t\t\t<div class=\"elementor-widget-wrap elementor-element-populated\">\n\t\t\t\t\t\t<div class=\"elementor-element elementor-element-13359a7 elementor-widget elementor-widget-gallery\" data-id=\"13359a7\" data-element_type=\"widget\" data-e-type=\"widget\" data-settings=\"{&quot;gallery_layout&quot;:&quot;justified&quot;,&quot;lazyload&quot;:&quot;yes&quot;,&quot;ideal_row_height&quot;:{&quot;unit&quot;:&quot;px&quot;,&quot;size&quot;:200,&quot;sizes&quot;:[]},&quot;ideal_row_height_tablet&quot;:{&quot;unit&quot;:&quot;px&quot;,&quot;size&quot;:150,&quot;sizes&quot;:[]},&quot;ideal_row_height_mobile&quot;:{&quot;unit&quot;:&quot;px&quot;,&quot;size&quot;:150,&quot;sizes&quot;:[]},&quot;gap&quot;:{&quot;unit&quot;:&quot;px&quot;,&quot;size&quot;:10,&quot;sizes&quot;:[]},&quot;gap_tablet&quot;:{&quot;unit&quot;:&quot;px&quot;,&quot;size&quot;:10,&quot;sizes&quot;:[]},&quot;gap_mobile&quot;:{&quot;unit&quot;:&quot;px&quot;,&quot;size&quot;:10,&quot;sizes&quot;:[]},&quot;link_to&quot;:&quot;file&quot;,&quot;overlay_background&quot;:&quot;yes&quot;,&quot;content_hover_animation&quot;:&quot;fade-in&quot;}\" data-widget_type=\"gallery.default\">\n\t\t\t\t<div class=\"elementor-widget-container\">\n\t\t\t\t\t\t\t<div class=\"elementor-gallery__container\">\n\t\t\t\t\t\t\t<a class=\"e-gallery-item elementor-gallery-item elementor-animated-content\" href=\"https:\/\/www.domainedesamadieu.com\/wp-content\/uploads\/2021\/09\/haut-de-beauregard-blanc-sans-fond-e1692018513815.png\" data-elementor-open-lightbox=\"yes\" data-elementor-lightbox-slideshow=\"13359a7\" data-elementor-lightbox-title=\"haut-de-beauregard-blanc-sans-fond\" data-e-action-hash=\"#elementor-action%3Aaction%3Dlightbox%26settings%3DeyJpZCI6NTY2MSwidXJsIjoiaHR0cHM6XC9cL3d3dy5kb21haW5lZGVzYW1hZGlldS5jb21cL3dwLWNvbnRlbnRcL3VwbG9hZHNcLzIwMjFcLzA5XC9oYXV0LWRlLWJlYXVyZWdhcmQtYmxhbmMtc2Fucy1mb25kLWUxNjkyMDE4NTEzODE1LnBuZyIsInNsaWRlc2hvdyI6IjEzMzU5YTcifQ%3D%3D\">\n\t\t\t\t\t<div class=\"e-gallery-image elementor-gallery-item__image\" data-thumbnail=\"https:\/\/www.domainedesamadieu.com\/wp-content\/uploads\/2021\/09\/haut-de-beauregard-blanc-sans-fond-768x764.png\" data-width=\"768\" data-height=\"764\" aria-label=\"\" role=\"img\" ><\/div>\n\t\t\t\t\t\t\t\t\t\t\t<div class=\"elementor-gallery-item__overlay\"><\/div>\n\t\t\t\t\t\t\t\t\t\t\t\t\t\t<\/a>\n\t\t\t\t\t\t\t<a class=\"e-gallery-item elementor-gallery-item elementor-animated-content\" href=\"https:\/\/www.domainedesamadieu.com\/wp-content\/uploads\/2021\/11\/vert-de-vin.jpg\" data-elementor-open-lightbox=\"yes\" data-elementor-lightbox-slideshow=\"13359a7\" data-elementor-lightbox-title=\"vert de vin\" data-e-action-hash=\"#elementor-action%3Aaction%3Dlightbox%26settings%3DeyJpZCI6NzEwOSwidXJsIjoiaHR0cHM6XC9cL3d3dy5kb21haW5lZGVzYW1hZGlldS5jb21cL3dwLWNvbnRlbnRcL3VwbG9hZHNcLzIwMjFcLzExXC92ZXJ0LWRlLXZpbi5qcGciLCJzbGlkZXNob3ciOiIxMzM1OWE3In0%3D\">\n\t\t\t\t\t<div class=\"e-gallery-image elementor-gallery-item__image\" data-thumbnail=\"https:\/\/www.domainedesamadieu.com\/wp-content\/uploads\/2021\/11\/vert-de-vin-768x767.jpg\" data-width=\"768\" data-height=\"767\" aria-label=\"\" role=\"img\" ><\/div>\n\t\t\t\t\t\t\t\t\t\t\t<div class=\"elementor-gallery-item__overlay\"><\/div>\n\t\t\t\t\t\t\t\t\t\t\t\t\t\t<\/a>\n\t\t\t\t\t<\/div>\n\t\t\t\t\t<\/div>\n\t\t\t\t<\/div>\n\t\t\t\t\t<\/div>\n\t\t<\/div>\n\t\t\t\t<div class=\"elementor-column elementor-col-66 elementor-inner-column elementor-element elementor-element-4cada10\" data-id=\"4cada10\" data-element_type=\"column\" data-e-type=\"column\">\n\t\t\t<div class=\"elementor-widget-wrap elementor-element-populated\">\n\t\t\t\t\t\t<div class=\"elementor-element elementor-element-cf3be3d elementor-invisible elementor-widget elementor-widget-text-editor\" data-id=\"cf3be3d\" data-element_type=\"widget\" data-e-type=\"widget\" data-settings=\"{&quot;_animation&quot;:&quot;fadeInRight&quot;}\" data-widget_type=\"text-editor.default\">\n\t\t\t\t<div class=\"elementor-widget-container\">\n\t\t\t\t\t\t\t\t\t<div class=\"PORTES OUVERTES BIODYNAMIE AU CHATEAU FONTVERT wpb_column vc_column_container vc_col-sm-6\"><div class=\"vc_column-inner\"><div class=\"wpb_wrapper\"><div class=\"wpb_text_column wpb_content_element \"><div class=\"wpb_wrapper\"><h3>La cuv\u00e9e Haut de Beauregard blanc 2019.<\/h3><p><em>\u00ab\u00a0Le nez est frais, fruit\u00e9 et offre une petite concentration ainsi qu&rsquo;une bonne d\u00e9finition. On y retrouve des notes de coing, d&rsquo;abricot frais et plus l\u00e9g\u00e8rement de petits fruits jaunes frais\/croquants associ\u00e9es \u00e0 des touches de zestes, de fleurs blanches ainsi qu&rsquo;\u00e0 de fines pointes de fruits de la passion, de pomme verte craquante, de sens de la place (biotop local) et \u00e0 une discr\u00e8te pointe presque saline (en fond). La bouche est fruit\u00e9e, joliment rac\u00e9e et offre un bon \u00e9quilibre, de la jutosit\u00e9, une jolie min\u00e9ralit\u00e9, de la finesse, de l&rsquo;\u00e9nergie ainsi qu&rsquo;une fine trame acidul\u00e9e. En bouche, ce vin exprime des notes de coing, de mirabelle fra\u00eeche\/croquante et plus l\u00e9g\u00e8rement de poire associ\u00e9es \u00e0 des touches de petits fruits jaunes, de min\u00e9ralit\u00e9 rac\u00e9e, \u00e0 de tr\u00e8s discr\u00e8tes pointes de fleurs de pommier fra\u00eeches, de sauge fra\u00eeche et \u00e0 une imperceptible pointe de brioche au beurre (en fond). Bonne longueur. De tr\u00e8s fines pointes de noix de muscade et de toast\u00e9\/p\u00e2tisserie apparaissent sur la persistance\/r\u00e9tro\u00a0\u00bb.<br \/><\/em><\/p><\/div><\/div><\/div><\/div><\/div>\t\t\t\t\t\t\t\t<\/div>\n\t\t\t\t<\/div>\n\t\t\t\t\t<\/div>\n\t\t<\/div>\n\t\t\t\t\t<\/div>\n\t\t<\/section>\n\t\t\t\t<div class=\"elementor-element elementor-element-f8a7085 elementor-widget elementor-widget-spacer\" data-id=\"f8a7085\" data-element_type=\"widget\" data-e-type=\"widget\" data-widget_type=\"spacer.default\">\n\t\t\t\t<div class=\"elementor-widget-container\">\n\t\t\t\t\t\t\t<div class=\"elementor-spacer\">\n\t\t\t<div class=\"elementor-spacer-inner\"><\/div>\n\t\t<\/div>\n\t\t\t\t\t\t<\/div>\n\t\t\t\t<\/div>\n\t\t\t\t<div class=\"elementor-element elementor-element-5063cd4 elementor-widget-divider--view-line_icon elementor-view-framed scroll_offset_down elementor-widget-divider--element-align-center elementor-invisible elementor-widget elementor-widget-divider\" data-id=\"5063cd4\" data-element_type=\"widget\" data-e-type=\"widget\" data-settings=\"{&quot;_animation&quot;:&quot;fadeIn&quot;}\" data-widget_type=\"divider.default\">\n\t\t\t\t<div class=\"elementor-widget-container\">\n\t\t\t\t\t\t\t<div class=\"elementor-divider\">\n\t\t\t<span class=\"elementor-divider-separator\">\n\t\t\t\t\t\t\t<div class=\"elementor-icon elementor-divider__element\">\n\t\t\t\t\t<i aria-hidden=\"true\" class=\"fas fa-chevron-down\"><\/i><\/div>\n\t\t\t\t\t\t<\/span>\n\t\t<\/div>\n\t\t\t\t\t\t<\/div>\n\t\t\t\t<\/div>\n\t\t\t\t<div class=\"elementor-element elementor-element-95245e0 elementor-widget elementor-widget-spacer\" data-id=\"95245e0\" data-element_type=\"widget\" data-e-type=\"widget\" data-widget_type=\"spacer.default\">\n\t\t\t\t<div class=\"elementor-widget-container\">\n\t\t\t\t\t\t\t<div class=\"elementor-spacer\">\n\t\t\t<div class=\"elementor-spacer-inner\"><\/div>\n\t\t<\/div>\n\t\t\t\t\t\t<\/div>\n\t\t\t\t<\/div>\n\t\t\t\t\t<\/div>\n\t\t<\/div>\n\t\t\t\t\t<\/div>\n\t\t<\/section>\n\t\t\t\t<\/div>\n\t\t","protected":false},"excerpt":{"rendered":"<p>La cuv\u00e9e Haut de Beauregard blanc 2019. \u00ab\u00a0Le nez est frais, fruit\u00e9 et offre une petite concentration ainsi qu&rsquo;une bonne d\u00e9finition. On y retrouve des notes de coing, d&rsquo;abricot frais et plus l\u00e9g\u00e8rement de petits fruits jaunes frais\/croquants associ\u00e9es \u00e0 des touches de zestes, de fleurs blanches ainsi qu&rsquo;\u00e0 de fines pointes de fruits de [&hellip;]<\/p>\n","protected":false},"author":2,"featured_media":2391,"comment_status":"closed","ping_status":"closed","sticky":false,"template":"elementor_canvas","format":"standard","meta":{"inline_featured_image":false,"footnotes":""},"categories":[64],"tags":[],"class_list":["post-7122","post","type-post","status-publish","format-standard","has-post-thumbnail","hentry","category-informations"],"yoast_head":"<!-- This site is optimized with the Yoast SEO plugin v27.5 - https:\/\/yoast.com\/product\/yoast-seo-wordpress\/ -->\n<title>Cuv\u00e9e Haut de Beauregard Blanc 2019 : un vin frais et fruit\u00e9 bien not\u00e9. | Domaine des Amadieu<\/title>\n<meta name=\"robots\" content=\"noindex, follow\" \/>\n<meta property=\"og:locale\" content=\"fr_FR\" \/>\n<meta property=\"og:type\" content=\"article\" \/>\n<meta property=\"og:title\" content=\"Cuv\u00e9e Haut de Beauregard Blanc 2019 : un vin frais et fruit\u00e9 bien not\u00e9. | Domaine des Amadieu\" \/>\n<meta property=\"og:description\" content=\"La cuv\u00e9e Haut de Beauregard blanc 2019. \u00ab\u00a0Le nez est frais, fruit\u00e9 et offre une petite concentration ainsi qu&rsquo;une bonne d\u00e9finition. On y retrouve des notes de coing, d&rsquo;abricot frais et plus l\u00e9g\u00e8rement de petits fruits jaunes frais\/croquants associ\u00e9es \u00e0 des touches de zestes, de fleurs blanches ainsi qu&rsquo;\u00e0 de fines pointes de fruits de [&hellip;]\" \/>\n<meta property=\"og:url\" content=\"https:\/\/www.domainedesamadieu.com\/index.php\/2021\/11\/16\/cuvee-haut-de-beauregard-rouge-2019-une-belle-degustation-par-vert-de-vin-2\/\" \/>\n<meta property=\"og:site_name\" content=\"Domaine des Amadieu\" \/>\n<meta property=\"article:publisher\" content=\"https:\/\/www.facebook.com\/domainedesamadieu\/\" \/>\n<meta property=\"article:published_time\" content=\"2021-11-16T11:38:16+00:00\" \/>\n<meta property=\"article:modified_time\" content=\"2021-11-16T11:49:57+00:00\" \/>\n<meta property=\"og:image\" content=\"https:\/\/www.domainedesamadieu.com\/wp-content\/uploads\/2016\/03\/rvf.gif\" \/>\n\t<meta property=\"og:image:width\" content=\"237\" \/>\n\t<meta property=\"og:image:height\" content=\"153\" \/>\n\t<meta property=\"og:image:type\" content=\"image\/gif\" \/>\n<meta name=\"author\" content=\"amadieu-1\" \/>\n<meta name=\"twitter:card\" content=\"summary_large_image\" \/>\n<meta name=\"twitter:label1\" content=\"\u00c9crit par\" \/>\n\t<meta name=\"twitter:data1\" content=\"amadieu-1\" \/>\n\t<meta name=\"twitter:label2\" content=\"Dur\u00e9e de lecture estim\u00e9e\" \/>\n\t<meta name=\"twitter:data2\" content=\"1 minute\" \/>\n<script type=\"application\/ld+json\" class=\"yoast-schema-graph\">{\"@context\":\"https:\\\/\\\/schema.org\",\"@graph\":[{\"@type\":\"Article\",\"@id\":\"https:\\\/\\\/www.domainedesamadieu.com\\\/index.php\\\/2021\\\/11\\\/16\\\/cuvee-haut-de-beauregard-rouge-2019-une-belle-degustation-par-vert-de-vin-2\\\/#article\",\"isPartOf\":{\"@id\":\"https:\\\/\\\/www.domainedesamadieu.com\\\/index.php\\\/2021\\\/11\\\/16\\\/cuvee-haut-de-beauregard-rouge-2019-une-belle-degustation-par-vert-de-vin-2\\\/\"},\"author\":{\"name\":\"amadieu-1\",\"@id\":\"https:\\\/\\\/www.domainedesamadieu.com\\\/#\\\/schema\\\/person\\\/0f67c92a57943332772dc25b3b7484f1\"},\"headline\":\"Cuv\u00e9e Haut de Beauregard Blanc 2019 : un vin frais et fruit\u00e9 bien not\u00e9.\",\"datePublished\":\"2021-11-16T11:38:16+00:00\",\"dateModified\":\"2021-11-16T11:49:57+00:00\",\"mainEntityOfPage\":{\"@id\":\"https:\\\/\\\/www.domainedesamadieu.com\\\/index.php\\\/2021\\\/11\\\/16\\\/cuvee-haut-de-beauregard-rouge-2019-une-belle-degustation-par-vert-de-vin-2\\\/\"},\"wordCount\":208,\"publisher\":{\"@id\":\"https:\\\/\\\/www.domainedesamadieu.com\\\/#organization\"},\"image\":{\"@id\":\"https:\\\/\\\/www.domainedesamadieu.com\\\/index.php\\\/2021\\\/11\\\/16\\\/cuvee-haut-de-beauregard-rouge-2019-une-belle-degustation-par-vert-de-vin-2\\\/#primaryimage\"},\"thumbnailUrl\":\"https:\\\/\\\/www.domainedesamadieu.com\\\/wp-content\\\/uploads\\\/2016\\\/03\\\/rvf.gif\",\"articleSection\":[\"Informations\"],\"inLanguage\":\"fr-FR\"},{\"@type\":\"WebPage\",\"@id\":\"https:\\\/\\\/www.domainedesamadieu.com\\\/index.php\\\/2021\\\/11\\\/16\\\/cuvee-haut-de-beauregard-rouge-2019-une-belle-degustation-par-vert-de-vin-2\\\/\",\"url\":\"https:\\\/\\\/www.domainedesamadieu.com\\\/index.php\\\/2021\\\/11\\\/16\\\/cuvee-haut-de-beauregard-rouge-2019-une-belle-degustation-par-vert-de-vin-2\\\/\",\"name\":\"Cuv\u00e9e Haut de Beauregard Blanc 2019 : un vin frais et fruit\u00e9 bien not\u00e9. | Domaine des Amadieu\",\"isPartOf\":{\"@id\":\"https:\\\/\\\/www.domainedesamadieu.com\\\/#website\"},\"primaryImageOfPage\":{\"@id\":\"https:\\\/\\\/www.domainedesamadieu.com\\\/index.php\\\/2021\\\/11\\\/16\\\/cuvee-haut-de-beauregard-rouge-2019-une-belle-degustation-par-vert-de-vin-2\\\/#primaryimage\"},\"image\":{\"@id\":\"https:\\\/\\\/www.domainedesamadieu.com\\\/index.php\\\/2021\\\/11\\\/16\\\/cuvee-haut-de-beauregard-rouge-2019-une-belle-degustation-par-vert-de-vin-2\\\/#primaryimage\"},\"thumbnailUrl\":\"https:\\\/\\\/www.domainedesamadieu.com\\\/wp-content\\\/uploads\\\/2016\\\/03\\\/rvf.gif\",\"datePublished\":\"2021-11-16T11:38:16+00:00\",\"dateModified\":\"2021-11-16T11:49:57+00:00\",\"breadcrumb\":{\"@id\":\"https:\\\/\\\/www.domainedesamadieu.com\\\/index.php\\\/2021\\\/11\\\/16\\\/cuvee-haut-de-beauregard-rouge-2019-une-belle-degustation-par-vert-de-vin-2\\\/#breadcrumb\"},\"inLanguage\":\"fr-FR\",\"potentialAction\":[{\"@type\":\"ReadAction\",\"target\":[\"https:\\\/\\\/www.domainedesamadieu.com\\\/index.php\\\/2021\\\/11\\\/16\\\/cuvee-haut-de-beauregard-rouge-2019-une-belle-degustation-par-vert-de-vin-2\\\/\"]}]},{\"@type\":\"ImageObject\",\"inLanguage\":\"fr-FR\",\"@id\":\"https:\\\/\\\/www.domainedesamadieu.com\\\/index.php\\\/2021\\\/11\\\/16\\\/cuvee-haut-de-beauregard-rouge-2019-une-belle-degustation-par-vert-de-vin-2\\\/#primaryimage\",\"url\":\"https:\\\/\\\/www.domainedesamadieu.com\\\/wp-content\\\/uploads\\\/2016\\\/03\\\/rvf.gif\",\"contentUrl\":\"https:\\\/\\\/www.domainedesamadieu.com\\\/wp-content\\\/uploads\\\/2016\\\/03\\\/rvf.gif\",\"width\":237,\"height\":153},{\"@type\":\"BreadcrumbList\",\"@id\":\"https:\\\/\\\/www.domainedesamadieu.com\\\/index.php\\\/2021\\\/11\\\/16\\\/cuvee-haut-de-beauregard-rouge-2019-une-belle-degustation-par-vert-de-vin-2\\\/#breadcrumb\",\"itemListElement\":[{\"@type\":\"ListItem\",\"position\":1,\"name\":\"Accueil\",\"item\":\"https:\\\/\\\/www.domainedesamadieu.com\\\/\"},{\"@type\":\"ListItem\",\"position\":2,\"name\":\"Cuv\u00e9e Haut de Beauregard Blanc 2019 : un vin frais et fruit\u00e9 bien not\u00e9.\"}]},{\"@type\":\"WebSite\",\"@id\":\"https:\\\/\\\/www.domainedesamadieu.com\\\/#website\",\"url\":\"https:\\\/\\\/www.domainedesamadieu.com\\\/\",\"name\":\"Domaine des Amadieu\",\"description\":\"Vins de Cairanne et Rasteau en Biodynamie\",\"publisher\":{\"@id\":\"https:\\\/\\\/www.domainedesamadieu.com\\\/#organization\"},\"potentialAction\":[{\"@type\":\"SearchAction\",\"target\":{\"@type\":\"EntryPoint\",\"urlTemplate\":\"https:\\\/\\\/www.domainedesamadieu.com\\\/?s={search_term_string}\"},\"query-input\":{\"@type\":\"PropertyValueSpecification\",\"valueRequired\":true,\"valueName\":\"search_term_string\"}}],\"inLanguage\":\"fr-FR\"},{\"@type\":\"Organization\",\"@id\":\"https:\\\/\\\/www.domainedesamadieu.com\\\/#organization\",\"name\":\"Domaine des Amadieu\",\"url\":\"https:\\\/\\\/www.domainedesamadieu.com\\\/\",\"logo\":{\"@type\":\"ImageObject\",\"inLanguage\":\"fr-FR\",\"@id\":\"https:\\\/\\\/www.domainedesamadieu.com\\\/#\\\/schema\\\/logo\\\/image\\\/\",\"url\":\"https:\\\/\\\/www.domainedesamadieu.com\\\/wp-content\\\/uploads\\\/2019\\\/04\\\/logo-AMADIEU-2018.jpg\",\"contentUrl\":\"https:\\\/\\\/www.domainedesamadieu.com\\\/wp-content\\\/uploads\\\/2019\\\/04\\\/logo-AMADIEU-2018.jpg\",\"width\":449,\"height\":272,\"caption\":\"Domaine des Amadieu\"},\"image\":{\"@id\":\"https:\\\/\\\/www.domainedesamadieu.com\\\/#\\\/schema\\\/logo\\\/image\\\/\"},\"sameAs\":[\"https:\\\/\\\/www.facebook.com\\\/domainedesamadieu\\\/\"]},{\"@type\":\"Person\",\"@id\":\"https:\\\/\\\/www.domainedesamadieu.com\\\/#\\\/schema\\\/person\\\/0f67c92a57943332772dc25b3b7484f1\",\"name\":\"amadieu-1\",\"url\":\"https:\\\/\\\/www.domainedesamadieu.com\\\/index.php\\\/author\\\/amadieu-1\\\/\"}]}<\/script>\n<!-- \/ Yoast SEO plugin. -->","yoast_head_json":{"title":"Cuv\u00e9e Haut de Beauregard Blanc 2019 : un vin frais et fruit\u00e9 bien not\u00e9. | Domaine des Amadieu","robots":{"index":"noindex","follow":"follow"},"og_locale":"fr_FR","og_type":"article","og_title":"Cuv\u00e9e Haut de Beauregard Blanc 2019 : un vin frais et fruit\u00e9 bien not\u00e9. | Domaine des Amadieu","og_description":"La cuv\u00e9e Haut de Beauregard blanc 2019. \u00ab\u00a0Le nez est frais, fruit\u00e9 et offre une petite concentration ainsi qu&rsquo;une bonne d\u00e9finition. On y retrouve des notes de coing, d&rsquo;abricot frais et plus l\u00e9g\u00e8rement de petits fruits jaunes frais\/croquants associ\u00e9es \u00e0 des touches de zestes, de fleurs blanches ainsi qu&rsquo;\u00e0 de fines pointes de fruits de [&hellip;]","og_url":"https:\/\/www.domainedesamadieu.com\/index.php\/2021\/11\/16\/cuvee-haut-de-beauregard-rouge-2019-une-belle-degustation-par-vert-de-vin-2\/","og_site_name":"Domaine des Amadieu","article_publisher":"https:\/\/www.facebook.com\/domainedesamadieu\/","article_published_time":"2021-11-16T11:38:16+00:00","article_modified_time":"2021-11-16T11:49:57+00:00","og_image":[{"width":237,"height":153,"url":"https:\/\/www.domainedesamadieu.com\/wp-content\/uploads\/2016\/03\/rvf.gif","type":"image\/gif"}],"author":"amadieu-1","twitter_card":"summary_large_image","twitter_misc":{"\u00c9crit par":"amadieu-1","Dur\u00e9e de lecture estim\u00e9e":"1 minute"},"schema":{"@context":"https:\/\/schema.org","@graph":[{"@type":"Article","@id":"https:\/\/www.domainedesamadieu.com\/index.php\/2021\/11\/16\/cuvee-haut-de-beauregard-rouge-2019-une-belle-degustation-par-vert-de-vin-2\/#article","isPartOf":{"@id":"https:\/\/www.domainedesamadieu.com\/index.php\/2021\/11\/16\/cuvee-haut-de-beauregard-rouge-2019-une-belle-degustation-par-vert-de-vin-2\/"},"author":{"name":"amadieu-1","@id":"https:\/\/www.domainedesamadieu.com\/#\/schema\/person\/0f67c92a57943332772dc25b3b7484f1"},"headline":"Cuv\u00e9e Haut de Beauregard Blanc 2019 : un vin frais et fruit\u00e9 bien not\u00e9.","datePublished":"2021-11-16T11:38:16+00:00","dateModified":"2021-11-16T11:49:57+00:00","mainEntityOfPage":{"@id":"https:\/\/www.domainedesamadieu.com\/index.php\/2021\/11\/16\/cuvee-haut-de-beauregard-rouge-2019-une-belle-degustation-par-vert-de-vin-2\/"},"wordCount":208,"publisher":{"@id":"https:\/\/www.domainedesamadieu.com\/#organization"},"image":{"@id":"https:\/\/www.domainedesamadieu.com\/index.php\/2021\/11\/16\/cuvee-haut-de-beauregard-rouge-2019-une-belle-degustation-par-vert-de-vin-2\/#primaryimage"},"thumbnailUrl":"https:\/\/www.domainedesamadieu.com\/wp-content\/uploads\/2016\/03\/rvf.gif","articleSection":["Informations"],"inLanguage":"fr-FR"},{"@type":"WebPage","@id":"https:\/\/www.domainedesamadieu.com\/index.php\/2021\/11\/16\/cuvee-haut-de-beauregard-rouge-2019-une-belle-degustation-par-vert-de-vin-2\/","url":"https:\/\/www.domainedesamadieu.com\/index.php\/2021\/11\/16\/cuvee-haut-de-beauregard-rouge-2019-une-belle-degustation-par-vert-de-vin-2\/","name":"Cuv\u00e9e Haut de Beauregard Blanc 2019 : un vin frais et fruit\u00e9 bien not\u00e9. | Domaine des Amadieu","isPartOf":{"@id":"https:\/\/www.domainedesamadieu.com\/#website"},"primaryImageOfPage":{"@id":"https:\/\/www.domainedesamadieu.com\/index.php\/2021\/11\/16\/cuvee-haut-de-beauregard-rouge-2019-une-belle-degustation-par-vert-de-vin-2\/#primaryimage"},"image":{"@id":"https:\/\/www.domainedesamadieu.com\/index.php\/2021\/11\/16\/cuvee-haut-de-beauregard-rouge-2019-une-belle-degustation-par-vert-de-vin-2\/#primaryimage"},"thumbnailUrl":"https:\/\/www.domainedesamadieu.com\/wp-content\/uploads\/2016\/03\/rvf.gif","datePublished":"2021-11-16T11:38:16+00:00","dateModified":"2021-11-16T11:49:57+00:00","breadcrumb":{"@id":"https:\/\/www.domainedesamadieu.com\/index.php\/2021\/11\/16\/cuvee-haut-de-beauregard-rouge-2019-une-belle-degustation-par-vert-de-vin-2\/#breadcrumb"},"inLanguage":"fr-FR","potentialAction":[{"@type":"ReadAction","target":["https:\/\/www.domainedesamadieu.com\/index.php\/2021\/11\/16\/cuvee-haut-de-beauregard-rouge-2019-une-belle-degustation-par-vert-de-vin-2\/"]}]},{"@type":"ImageObject","inLanguage":"fr-FR","@id":"https:\/\/www.domainedesamadieu.com\/index.php\/2021\/11\/16\/cuvee-haut-de-beauregard-rouge-2019-une-belle-degustation-par-vert-de-vin-2\/#primaryimage","url":"https:\/\/www.domainedesamadieu.com\/wp-content\/uploads\/2016\/03\/rvf.gif","contentUrl":"https:\/\/www.domainedesamadieu.com\/wp-content\/uploads\/2016\/03\/rvf.gif","width":237,"height":153},{"@type":"BreadcrumbList","@id":"https:\/\/www.domainedesamadieu.com\/index.php\/2021\/11\/16\/cuvee-haut-de-beauregard-rouge-2019-une-belle-degustation-par-vert-de-vin-2\/#breadcrumb","itemListElement":[{"@type":"ListItem","position":1,"name":"Accueil","item":"https:\/\/www.domainedesamadieu.com\/"},{"@type":"ListItem","position":2,"name":"Cuv\u00e9e Haut de Beauregard Blanc 2019 : un vin frais et fruit\u00e9 bien not\u00e9."}]},{"@type":"WebSite","@id":"https:\/\/www.domainedesamadieu.com\/#website","url":"https:\/\/www.domainedesamadieu.com\/","name":"Domaine des Amadieu","description":"Vins de Cairanne et Rasteau en Biodynamie","publisher":{"@id":"https:\/\/www.domainedesamadieu.com\/#organization"},"potentialAction":[{"@type":"SearchAction","target":{"@type":"EntryPoint","urlTemplate":"https:\/\/www.domainedesamadieu.com\/?s={search_term_string}"},"query-input":{"@type":"PropertyValueSpecification","valueRequired":true,"valueName":"search_term_string"}}],"inLanguage":"fr-FR"},{"@type":"Organization","@id":"https:\/\/www.domainedesamadieu.com\/#organization","name":"Domaine des Amadieu","url":"https:\/\/www.domainedesamadieu.com\/","logo":{"@type":"ImageObject","inLanguage":"fr-FR","@id":"https:\/\/www.domainedesamadieu.com\/#\/schema\/logo\/image\/","url":"https:\/\/www.domainedesamadieu.com\/wp-content\/uploads\/2019\/04\/logo-AMADIEU-2018.jpg","contentUrl":"https:\/\/www.domainedesamadieu.com\/wp-content\/uploads\/2019\/04\/logo-AMADIEU-2018.jpg","width":449,"height":272,"caption":"Domaine des Amadieu"},"image":{"@id":"https:\/\/www.domainedesamadieu.com\/#\/schema\/logo\/image\/"},"sameAs":["https:\/\/www.facebook.com\/domainedesamadieu\/"]},{"@type":"Person","@id":"https:\/\/www.domainedesamadieu.com\/#\/schema\/person\/0f67c92a57943332772dc25b3b7484f1","name":"amadieu-1","url":"https:\/\/www.domainedesamadieu.com\/index.php\/author\/amadieu-1\/"}]}},"_links":{"self":[{"href":"https:\/\/www.domainedesamadieu.com\/index.php\/wp-json\/wp\/v2\/posts\/7122","targetHints":{"allow":["GET"]}}],"collection":[{"href":"https:\/\/www.domainedesamadieu.com\/index.php\/wp-json\/wp\/v2\/posts"}],"about":[{"href":"https:\/\/www.domainedesamadieu.com\/index.php\/wp-json\/wp\/v2\/types\/post"}],"author":[{"embeddable":true,"href":"https:\/\/www.domainedesamadieu.com\/index.php\/wp-json\/wp\/v2\/users\/2"}],"replies":[{"embeddable":true,"href":"https:\/\/www.domainedesamadieu.com\/index.php\/wp-json\/wp\/v2\/comments?post=7122"}],"version-history":[{"count":0,"href":"https:\/\/www.domainedesamadieu.com\/index.php\/wp-json\/wp\/v2\/posts\/7122\/revisions"}],"wp:featuredmedia":[{"embeddable":true,"href":"https:\/\/www.domainedesamadieu.com\/index.php\/wp-json\/wp\/v2\/media\/2391"}],"wp:attachment":[{"href":"https:\/\/www.domainedesamadieu.com\/index.php\/wp-json\/wp\/v2\/media?parent=7122"}],"wp:term":[{"taxonomy":"category","embeddable":true,"href":"https:\/\/www.domainedesamadieu.com\/index.php\/wp-json\/wp\/v2\/categories?post=7122"},{"taxonomy":"post_tag","embeddable":true,"href":"https:\/\/www.domainedesamadieu.com\/index.php\/wp-json\/wp\/v2\/tags?post=7122"}],"curies":[{"name":"wp","href":"https:\/\/api.w.org\/{rel}","templated":true}]}}